{"id":2617,"date":"2007-07-07T18:48:28","date_gmt":"2007-07-07T16:48:28","guid":{"rendered":"https:\/\/www.hsvwrn-ol.at\/wp\/?p=2617"},"modified":"2019-11-16T13:11:10","modified_gmt":"2019-11-16T12:11:10","slug":"pierre-kaltenbacher-im-wm-aufgebot","status":"publish","type":"post","link":"https:\/\/www.hsvwrn-ol.at\/wp\/pierre-kaltenbacher-im-wm-aufgebot\/","title":{"rendered":"Pierre Kaltenbacher im WM-Aufgebot!"},"content":{"rendered":"\n<p>Aufgrund der ausgezeichneten Leistungen bei den letzten World Ranking Events in Ungarn und Slowenien sowie seinem Sieg beim letzten Austria Cup Lauf wurde Pierre Kaltenbacher f\u00fcr die \u00d6sterreichische Nationalmannschaft nominiert. Die Weltmeisterschaft findet Mitte August in der Ukraine statt.<\/p>\n\n\n\n<div class=\"wp-block-image\"><figure class=\"alignleft size-large\"><img loading=\"lazy\" decoding=\"async\" width=\"250\" height=\"373\" src=\"https:\/\/www.hsvwrn-ol.at\/wp\/wp-content\/uploads\/172.jpg\" alt=\"\" class=\"wp-image-2618\" srcset=\"https:\/\/www.hsvwrn-ol.at\/wp\/wp-content\/uploads\/172.jpg 250w, https:\/\/www.hsvwrn-ol.at\/wp\/wp-content\/uploads\/172-201x300.jpg 201w\" sizes=\"auto, (max-width: 250px) 100vw, 250px\" \/><figcaption>Pierre Kaltenbacher<\/figcaption><\/figure><\/div>\n\n\n\n<p>Durch die Ergebnisse der Qualifikationsl\u00e4ufe wird Kaltenbacher dabei \u00fcber die Langdistanz an den Start gehen. Diese wird s\u00fcdlich von Kiew ausgetragen und ist durch steile Gr\u00e4ben und zum Teil dichtem Unterwuchs gekennzeichnet. Eine kleine Chance besteht auch noch, dass er \u00fcber die Sprintdistanz ebenfalls ins Aufgebot rutschen k\u00f6nnte.<\/p>\n\n\n\n<p>Davor geht es jedoch schon Ende Juli f\u00fcr eine Woche zum Vorbereitungskurs nach Kiew. Bei diesem Kurs wird Kaltenbacher versuchen, sich mit den Gegebenheiten vor Ort bestm\u00f6glich zu arrangieren.<\/p>\n\n\n\n<p>&#8222;Ein Wahnsinn! Das ich mich nach meinem freiwilligen Ausscheiden aus dem HLSZ in Seebenstein noch einmal f\u00fcr eine WM qualifizieren kann, damit h\u00e4tte ich wirklich nicht gerechnet. Umso mehr freut es mich, dass die Verantwortlichen meine Ergebnisse der letzten Wochen &#8211; immerhin 4 Mal Rang 2 bei einem World Ranking Event &#8211; mit einem Ticket f\u00fcr Kiew honoriert haben&#8220; so ein gl\u00fccklicher Kaltenbacher.<\/p>\n\n\n\n<p>Die Zeit bis zum Abflug zum Trainingslager wird Kaltenbacher mit Umfangtraining verbringen, um sich danach den n\u00f6tigen Feinschliff mit schnellen Einheiten, sowohl auf der Bahn als auch im Gel\u00e4nde mit Karte, zu holen.<\/p>\n","protected":false},"excerpt":{"rendered":"<p>Aufgrund der ausgezeichneten Leistungen bei den letzten World Ranking Events in Ungarn und Slowenien sowie seinem Sieg beim letzten Austria Cup Lauf wurde Pierre Kaltenbacher f\u00fcr die \u00d6sterreichische Nationalmannschaft nominiert. Die Weltmeisterschaft findet Mitte&#46;&#46;&#46;<\/p>\n","protected":false},"author":1,"featured_media":2618,"comment_status":"open","ping_status":"open","sticky":false,"template":"","format":"standard","meta":{"footnotes":""},"categories":[1],"tags":[19,41],"class_list":["post-2617","post","type-post","status-publish","format-standard","has-post-thumbnail","hentry","category-news","tag-pierre-kaltenbacher","tag-weltmeisterschaft"],"yoast_head":"<!-- This site is optimized with the Yoast SEO plugin v27.5 - https:\/\/yoast.com\/product\/yoast-seo-wordpress\/ -->\n<title>Pierre Kaltenbacher im WM-Aufgebot! - HSV OL Wiener Neustadt<\/title>\n<meta name=\"description\" content=\"Aufgrund der ausgezeichneten Leistungen in Ungarn, Slowenien sowie beim Austria Cup wurde Pierre Kaltenbacher f\u00fcr die Nationalmannschaft nominiert.\" \/>\n<meta name=\"robots\" content=\"index, follow, max-snippet:-1, max-image-preview:large, max-video-preview:-1\" \/>\n<link rel=\"canonical\" href=\"https:\/\/www.hsvwrn-ol.at\/wp\/pierre-kaltenbacher-im-wm-aufgebot\/\" \/>\n<meta property=\"og:locale\" content=\"de_DE\" \/>\n<meta property=\"og:type\" content=\"article\" \/>\n<meta property=\"og:title\" content=\"Pierre Kaltenbacher im WM-Aufgebot! - HSV OL Wiener Neustadt\" \/>\n<meta property=\"og:description\" content=\"Aufgrund der ausgezeichneten Leistungen in Ungarn, Slowenien sowie beim Austria Cup wurde Pierre Kaltenbacher f\u00fcr die Nationalmannschaft nominiert.\" \/>\n<meta property=\"og:url\" content=\"https:\/\/www.hsvwrn-ol.at\/wp\/pierre-kaltenbacher-im-wm-aufgebot\/\" \/>\n<meta property=\"og:site_name\" content=\"HSV OL Wiener Neustadt\" \/>\n<meta property=\"article:publisher\" content=\"https:\/\/www.facebook.com\/hsvwrn\/\" \/>\n<meta property=\"article:published_time\" content=\"2007-07-07T16:48:28+00:00\" \/>\n<meta property=\"article:modified_time\" content=\"2019-11-16T12:11:10+00:00\" \/>\n<meta property=\"og:image\" content=\"https:\/\/www.hsvwrn-ol.at\/wp\/wp-content\/uploads\/172.jpg\" \/>\n\t<meta property=\"og:image:width\" content=\"250\" \/>\n\t<meta property=\"og:image:height\" content=\"373\" \/>\n\t<meta property=\"og:image:type\" content=\"image\/jpeg\" \/>\n<meta name=\"author\" content=\"Markus Plohn\" \/>\n<meta name=\"twitter:card\" content=\"summary_large_image\" \/>\n<meta name=\"twitter:creator\" content=\"@hsvwrn\" \/>\n<meta name=\"twitter:site\" content=\"@hsvwrn\" \/>\n<meta name=\"twitter:label1\" content=\"Verfasst von\" \/>\n\t<meta name=\"twitter:data1\" content=\"Markus Plohn\" \/>\n\t<meta name=\"twitter:label2\" content=\"Gesch\u00e4tzte Lesezeit\" \/>\n\t<meta name=\"twitter:data2\" content=\"1\u00a0Minute\" \/>\n<script type=\"application\/ld+json\" class=\"yoast-schema-graph\">{\"@context\":\"https:\\\/\\\/schema.org\",\"@graph\":[{\"@type\":\"Article\",\"@id\":\"https:\\\/\\\/www.hsvwrn-ol.at\\\/wp\\\/pierre-kaltenbacher-im-wm-aufgebot\\\/#article\",\"isPartOf\":{\"@id\":\"https:\\\/\\\/www.hsvwrn-ol.at\\\/wp\\\/pierre-kaltenbacher-im-wm-aufgebot\\\/\"},\"author\":{\"name\":\"Markus Plohn\",\"@id\":\"https:\\\/\\\/www.hsvwrn-ol.at\\\/wp\\\/#\\\/schema\\\/person\\\/c3d745abf26d606f593ece4783719b9b\"},\"headline\":\"Pierre Kaltenbacher im WM-Aufgebot!\",\"datePublished\":\"2007-07-07T16:48:28+00:00\",\"dateModified\":\"2019-11-16T12:11:10+00:00\",\"mainEntityOfPage\":{\"@id\":\"https:\\\/\\\/www.hsvwrn-ol.at\\\/wp\\\/pierre-kaltenbacher-im-wm-aufgebot\\\/\"},\"wordCount\":229,\"commentCount\":0,\"publisher\":{\"@id\":\"https:\\\/\\\/www.hsvwrn-ol.at\\\/wp\\\/#organization\"},\"image\":{\"@id\":\"https:\\\/\\\/www.hsvwrn-ol.at\\\/wp\\\/pierre-kaltenbacher-im-wm-aufgebot\\\/#primaryimage\"},\"thumbnailUrl\":\"https:\\\/\\\/www.hsvwrn-ol.at\\\/wp\\\/wp-content\\\/uploads\\\/172.jpg\",\"keywords\":[\"Pierre Kaltenbacher\",\"Weltmeisterschaft\"],\"articleSection\":[\"News\"],\"inLanguage\":\"de\",\"potentialAction\":[{\"@type\":\"CommentAction\",\"name\":\"Comment\",\"target\":[\"https:\\\/\\\/www.hsvwrn-ol.at\\\/wp\\\/pierre-kaltenbacher-im-wm-aufgebot\\\/#respond\"]}]},{\"@type\":\"WebPage\",\"@id\":\"https:\\\/\\\/www.hsvwrn-ol.at\\\/wp\\\/pierre-kaltenbacher-im-wm-aufgebot\\\/\",\"url\":\"https:\\\/\\\/www.hsvwrn-ol.at\\\/wp\\\/pierre-kaltenbacher-im-wm-aufgebot\\\/\",\"name\":\"Pierre Kaltenbacher im WM-Aufgebot! - HSV OL Wiener Neustadt\",\"isPartOf\":{\"@id\":\"https:\\\/\\\/www.hsvwrn-ol.at\\\/wp\\\/#website\"},\"primaryImageOfPage\":{\"@id\":\"https:\\\/\\\/www.hsvwrn-ol.at\\\/wp\\\/pierre-kaltenbacher-im-wm-aufgebot\\\/#primaryimage\"},\"image\":{\"@id\":\"https:\\\/\\\/www.hsvwrn-ol.at\\\/wp\\\/pierre-kaltenbacher-im-wm-aufgebot\\\/#primaryimage\"},\"thumbnailUrl\":\"https:\\\/\\\/www.hsvwrn-ol.at\\\/wp\\\/wp-content\\\/uploads\\\/172.jpg\",\"datePublished\":\"2007-07-07T16:48:28+00:00\",\"dateModified\":\"2019-11-16T12:11:10+00:00\",\"description\":\"Aufgrund der ausgezeichneten Leistungen in Ungarn, Slowenien sowie beim Austria Cup wurde Pierre Kaltenbacher f\u00fcr die Nationalmannschaft nominiert.\",\"breadcrumb\":{\"@id\":\"https:\\\/\\\/www.hsvwrn-ol.at\\\/wp\\\/pierre-kaltenbacher-im-wm-aufgebot\\\/#breadcrumb\"},\"inLanguage\":\"de\",\"potentialAction\":[{\"@type\":\"ReadAction\",\"target\":[\"https:\\\/\\\/www.hsvwrn-ol.at\\\/wp\\\/pierre-kaltenbacher-im-wm-aufgebot\\\/\"]}]},{\"@type\":\"ImageObject\",\"inLanguage\":\"de\",\"@id\":\"https:\\\/\\\/www.hsvwrn-ol.at\\\/wp\\\/pierre-kaltenbacher-im-wm-aufgebot\\\/#primaryimage\",\"url\":\"https:\\\/\\\/www.hsvwrn-ol.at\\\/wp\\\/wp-content\\\/uploads\\\/172.jpg\",\"contentUrl\":\"https:\\\/\\\/www.hsvwrn-ol.at\\\/wp\\\/wp-content\\\/uploads\\\/172.jpg\",\"width\":250,\"height\":373,\"caption\":\"Pierre Kaltenbacher\"},{\"@type\":\"BreadcrumbList\",\"@id\":\"https:\\\/\\\/www.hsvwrn-ol.at\\\/wp\\\/pierre-kaltenbacher-im-wm-aufgebot\\\/#breadcrumb\",\"itemListElement\":[{\"@type\":\"ListItem\",\"position\":1,\"name\":\"Startseite\",\"item\":\"https:\\\/\\\/www.hsvwrn-ol.at\\\/wp\\\/\"},{\"@type\":\"ListItem\",\"position\":2,\"name\":\"Pierre Kaltenbacher im WM-Aufgebot!\"}]},{\"@type\":\"WebSite\",\"@id\":\"https:\\\/\\\/www.hsvwrn-ol.at\\\/wp\\\/#website\",\"url\":\"https:\\\/\\\/www.hsvwrn-ol.at\\\/wp\\\/\",\"name\":\"HSV OL Wiener Neustadt\",\"description\":\"Erlebnis Orientierungslauf\",\"publisher\":{\"@id\":\"https:\\\/\\\/www.hsvwrn-ol.at\\\/wp\\\/#organization\"},\"potentialAction\":[{\"@type\":\"SearchAction\",\"target\":{\"@type\":\"EntryPoint\",\"urlTemplate\":\"https:\\\/\\\/www.hsvwrn-ol.at\\\/wp\\\/?s={search_term_string}\"},\"query-input\":{\"@type\":\"PropertyValueSpecification\",\"valueRequired\":true,\"valueName\":\"search_term_string\"}}],\"inLanguage\":\"de\"},{\"@type\":\"Organization\",\"@id\":\"https:\\\/\\\/www.hsvwrn-ol.at\\\/wp\\\/#organization\",\"name\":\"HSV OL Wiener Neustadt\",\"url\":\"https:\\\/\\\/www.hsvwrn-ol.at\\\/wp\\\/\",\"logo\":{\"@type\":\"ImageObject\",\"inLanguage\":\"de\",\"@id\":\"https:\\\/\\\/www.hsvwrn-ol.at\\\/wp\\\/#\\\/schema\\\/logo\\\/image\\\/\",\"url\":\"https:\\\/\\\/www.hsvwrn-ol.at\\\/wp\\\/wp-content\\\/uploads\\\/hsv-logo_300dpi.png\",\"contentUrl\":\"https:\\\/\\\/www.hsvwrn-ol.at\\\/wp\\\/wp-content\\\/uploads\\\/hsv-logo_300dpi.png\",\"width\":489,\"height\":744,\"caption\":\"HSV OL Wiener Neustadt\"},\"image\":{\"@id\":\"https:\\\/\\\/www.hsvwrn-ol.at\\\/wp\\\/#\\\/schema\\\/logo\\\/image\\\/\"},\"sameAs\":[\"https:\\\/\\\/www.facebook.com\\\/hsvwrn\\\/\",\"https:\\\/\\\/x.com\\\/hsvwrn\",\"https:\\\/\\\/www.instagram.com\\\/hsvolwn\\\/\",\"https:\\\/\\\/www.youtube.com\\\/channel\\\/UCX3_JPtaaFyugU5Wg0uv7NA\"]},{\"@type\":\"Person\",\"@id\":\"https:\\\/\\\/www.hsvwrn-ol.at\\\/wp\\\/#\\\/schema\\\/person\\\/c3d745abf26d606f593ece4783719b9b\",\"name\":\"Markus Plohn\",\"image\":{\"@type\":\"ImageObject\",\"inLanguage\":\"de\",\"@id\":\"https:\\\/\\\/secure.gravatar.com\\\/avatar\\\/7a718921e619e748c4114b5c0d84f2cdb69a96ecbadfa9cfa3248d7a3038abd6?s=96&d=mm&r=g\",\"url\":\"https:\\\/\\\/secure.gravatar.com\\\/avatar\\\/7a718921e619e748c4114b5c0d84f2cdb69a96ecbadfa9cfa3248d7a3038abd6?s=96&d=mm&r=g\",\"contentUrl\":\"https:\\\/\\\/secure.gravatar.com\\\/avatar\\\/7a718921e619e748c4114b5c0d84f2cdb69a96ecbadfa9cfa3248d7a3038abd6?s=96&d=mm&r=g\",\"caption\":\"Markus Plohn\"},\"url\":\"https:\\\/\\\/www.hsvwrn-ol.at\\\/wp\\\/author\\\/plohni\\\/\"}]}<\/script>\n<!-- \/ Yoast SEO plugin. -->","yoast_head_json":{"title":"Pierre Kaltenbacher im WM-Aufgebot! - HSV OL Wiener Neustadt","description":"Aufgrund der ausgezeichneten Leistungen in Ungarn, Slowenien sowie beim Austria Cup wurde Pierre Kaltenbacher f\u00fcr die Nationalmannschaft nominiert.","robots":{"index":"index","follow":"follow","max-snippet":"max-snippet:-1","max-image-preview":"max-image-preview:large","max-video-preview":"max-video-preview:-1"},"canonical":"https:\/\/www.hsvwrn-ol.at\/wp\/pierre-kaltenbacher-im-wm-aufgebot\/","og_locale":"de_DE","og_type":"article","og_title":"Pierre Kaltenbacher im WM-Aufgebot! - HSV OL Wiener Neustadt","og_description":"Aufgrund der ausgezeichneten Leistungen in Ungarn, Slowenien sowie beim Austria Cup wurde Pierre Kaltenbacher f\u00fcr die Nationalmannschaft nominiert.","og_url":"https:\/\/www.hsvwrn-ol.at\/wp\/pierre-kaltenbacher-im-wm-aufgebot\/","og_site_name":"HSV OL Wiener Neustadt","article_publisher":"https:\/\/www.facebook.com\/hsvwrn\/","article_published_time":"2007-07-07T16:48:28+00:00","article_modified_time":"2019-11-16T12:11:10+00:00","og_image":[{"width":250,"height":373,"url":"https:\/\/www.hsvwrn-ol.at\/wp\/wp-content\/uploads\/172.jpg","type":"image\/jpeg"}],"author":"Markus Plohn","twitter_card":"summary_large_image","twitter_creator":"@hsvwrn","twitter_site":"@hsvwrn","twitter_misc":{"Verfasst von":"Markus Plohn","Gesch\u00e4tzte Lesezeit":"1\u00a0Minute"},"schema":{"@context":"https:\/\/schema.org","@graph":[{"@type":"Article","@id":"https:\/\/www.hsvwrn-ol.at\/wp\/pierre-kaltenbacher-im-wm-aufgebot\/#article","isPartOf":{"@id":"https:\/\/www.hsvwrn-ol.at\/wp\/pierre-kaltenbacher-im-wm-aufgebot\/"},"author":{"name":"Markus Plohn","@id":"https:\/\/www.hsvwrn-ol.at\/wp\/#\/schema\/person\/c3d745abf26d606f593ece4783719b9b"},"headline":"Pierre Kaltenbacher im WM-Aufgebot!","datePublished":"2007-07-07T16:48:28+00:00","dateModified":"2019-11-16T12:11:10+00:00","mainEntityOfPage":{"@id":"https:\/\/www.hsvwrn-ol.at\/wp\/pierre-kaltenbacher-im-wm-aufgebot\/"},"wordCount":229,"commentCount":0,"publisher":{"@id":"https:\/\/www.hsvwrn-ol.at\/wp\/#organization"},"image":{"@id":"https:\/\/www.hsvwrn-ol.at\/wp\/pierre-kaltenbacher-im-wm-aufgebot\/#primaryimage"},"thumbnailUrl":"https:\/\/www.hsvwrn-ol.at\/wp\/wp-content\/uploads\/172.jpg","keywords":["Pierre Kaltenbacher","Weltmeisterschaft"],"articleSection":["News"],"inLanguage":"de","potentialAction":[{"@type":"CommentAction","name":"Comment","target":["https:\/\/www.hsvwrn-ol.at\/wp\/pierre-kaltenbacher-im-wm-aufgebot\/#respond"]}]},{"@type":"WebPage","@id":"https:\/\/www.hsvwrn-ol.at\/wp\/pierre-kaltenbacher-im-wm-aufgebot\/","url":"https:\/\/www.hsvwrn-ol.at\/wp\/pierre-kaltenbacher-im-wm-aufgebot\/","name":"Pierre Kaltenbacher im WM-Aufgebot! - HSV OL Wiener Neustadt","isPartOf":{"@id":"https:\/\/www.hsvwrn-ol.at\/wp\/#website"},"primaryImageOfPage":{"@id":"https:\/\/www.hsvwrn-ol.at\/wp\/pierre-kaltenbacher-im-wm-aufgebot\/#primaryimage"},"image":{"@id":"https:\/\/www.hsvwrn-ol.at\/wp\/pierre-kaltenbacher-im-wm-aufgebot\/#primaryimage"},"thumbnailUrl":"https:\/\/www.hsvwrn-ol.at\/wp\/wp-content\/uploads\/172.jpg","datePublished":"2007-07-07T16:48:28+00:00","dateModified":"2019-11-16T12:11:10+00:00","description":"Aufgrund der ausgezeichneten Leistungen in Ungarn, Slowenien sowie beim Austria Cup wurde Pierre Kaltenbacher f\u00fcr die Nationalmannschaft nominiert.","breadcrumb":{"@id":"https:\/\/www.hsvwrn-ol.at\/wp\/pierre-kaltenbacher-im-wm-aufgebot\/#breadcrumb"},"inLanguage":"de","potentialAction":[{"@type":"ReadAction","target":["https:\/\/www.hsvwrn-ol.at\/wp\/pierre-kaltenbacher-im-wm-aufgebot\/"]}]},{"@type":"ImageObject","inLanguage":"de","@id":"https:\/\/www.hsvwrn-ol.at\/wp\/pierre-kaltenbacher-im-wm-aufgebot\/#primaryimage","url":"https:\/\/www.hsvwrn-ol.at\/wp\/wp-content\/uploads\/172.jpg","contentUrl":"https:\/\/www.hsvwrn-ol.at\/wp\/wp-content\/uploads\/172.jpg","width":250,"height":373,"caption":"Pierre Kaltenbacher"},{"@type":"BreadcrumbList","@id":"https:\/\/www.hsvwrn-ol.at\/wp\/pierre-kaltenbacher-im-wm-aufgebot\/#breadcrumb","itemListElement":[{"@type":"ListItem","position":1,"name":"Startseite","item":"https:\/\/www.hsvwrn-ol.at\/wp\/"},{"@type":"ListItem","position":2,"name":"Pierre Kaltenbacher im WM-Aufgebot!"}]},{"@type":"WebSite","@id":"https:\/\/www.hsvwrn-ol.at\/wp\/#website","url":"https:\/\/www.hsvwrn-ol.at\/wp\/","name":"HSV OL Wiener Neustadt","description":"Erlebnis Orientierungslauf","publisher":{"@id":"https:\/\/www.hsvwrn-ol.at\/wp\/#organization"},"potentialAction":[{"@type":"SearchAction","target":{"@type":"EntryPoint","urlTemplate":"https:\/\/www.hsvwrn-ol.at\/wp\/?s={search_term_string}"},"query-input":{"@type":"PropertyValueSpecification","valueRequired":true,"valueName":"search_term_string"}}],"inLanguage":"de"},{"@type":"Organization","@id":"https:\/\/www.hsvwrn-ol.at\/wp\/#organization","name":"HSV OL Wiener Neustadt","url":"https:\/\/www.hsvwrn-ol.at\/wp\/","logo":{"@type":"ImageObject","inLanguage":"de","@id":"https:\/\/www.hsvwrn-ol.at\/wp\/#\/schema\/logo\/image\/","url":"https:\/\/www.hsvwrn-ol.at\/wp\/wp-content\/uploads\/hsv-logo_300dpi.png","contentUrl":"https:\/\/www.hsvwrn-ol.at\/wp\/wp-content\/uploads\/hsv-logo_300dpi.png","width":489,"height":744,"caption":"HSV OL Wiener Neustadt"},"image":{"@id":"https:\/\/www.hsvwrn-ol.at\/wp\/#\/schema\/logo\/image\/"},"sameAs":["https:\/\/www.facebook.com\/hsvwrn\/","https:\/\/x.com\/hsvwrn","https:\/\/www.instagram.com\/hsvolwn\/","https:\/\/www.youtube.com\/channel\/UCX3_JPtaaFyugU5Wg0uv7NA"]},{"@type":"Person","@id":"https:\/\/www.hsvwrn-ol.at\/wp\/#\/schema\/person\/c3d745abf26d606f593ece4783719b9b","name":"Markus Plohn","image":{"@type":"ImageObject","inLanguage":"de","@id":"https:\/\/secure.gravatar.com\/avatar\/7a718921e619e748c4114b5c0d84f2cdb69a96ecbadfa9cfa3248d7a3038abd6?s=96&d=mm&r=g","url":"https:\/\/secure.gravatar.com\/avatar\/7a718921e619e748c4114b5c0d84f2cdb69a96ecbadfa9cfa3248d7a3038abd6?s=96&d=mm&r=g","contentUrl":"https:\/\/secure.gravatar.com\/avatar\/7a718921e619e748c4114b5c0d84f2cdb69a96ecbadfa9cfa3248d7a3038abd6?s=96&d=mm&r=g","caption":"Markus Plohn"},"url":"https:\/\/www.hsvwrn-ol.at\/wp\/author\/plohni\/"}]}},"_links":{"self":[{"href":"https:\/\/www.hsvwrn-ol.at\/wp\/wp-json\/wp\/v2\/posts\/2617","targetHints":{"allow":["GET"]}}],"collection":[{"href":"https:\/\/www.hsvwrn-ol.at\/wp\/wp-json\/wp\/v2\/posts"}],"about":[{"href":"https:\/\/www.hsvwrn-ol.at\/wp\/wp-json\/wp\/v2\/types\/post"}],"author":[{"embeddable":true,"href":"https:\/\/www.hsvwrn-ol.at\/wp\/wp-json\/wp\/v2\/users\/1"}],"replies":[{"embeddable":true,"href":"https:\/\/www.hsvwrn-ol.at\/wp\/wp-json\/wp\/v2\/comments?post=2617"}],"version-history":[{"count":1,"href":"https:\/\/www.hsvwrn-ol.at\/wp\/wp-json\/wp\/v2\/posts\/2617\/revisions"}],"predecessor-version":[{"id":2619,"href":"https:\/\/www.hsvwrn-ol.at\/wp\/wp-json\/wp\/v2\/posts\/2617\/revisions\/2619"}],"wp:featuredmedia":[{"embeddable":true,"href":"https:\/\/www.hsvwrn-ol.at\/wp\/wp-json\/wp\/v2\/media\/2618"}],"wp:attachment":[{"href":"https:\/\/www.hsvwrn-ol.at\/wp\/wp-json\/wp\/v2\/media?parent=2617"}],"wp:term":[{"taxonomy":"category","embeddable":true,"href":"https:\/\/www.hsvwrn-ol.at\/wp\/wp-json\/wp\/v2\/categories?post=2617"},{"taxonomy":"post_tag","embeddable":true,"href":"https:\/\/www.hsvwrn-ol.at\/wp\/wp-json\/wp\/v2\/tags?post=2617"}],"curies":[{"name":"wp","href":"https:\/\/api.w.org\/{rel}","templated":true}]}}